{"id":3061,"date":"2026-08-31T11:10:13","date_gmt":"2026-08-31T08:10:13","guid":{"rendered":"https:\/\/kusahaber.com\/?p=3061"},"modified":"2026-08-31T11:10:13","modified_gmt":"2026-08-31T08:10:13","slug":"aydinin-turizm-potansiyeli-masaya-yatirildi","status":"publish","type":"post","link":"https:\/\/kusahaber.com\/index.php\/2026\/08\/31\/aydinin-turizm-potansiyeli-masaya-yatirildi\/","title":{"rendered":"AYDIN&#8217;IN TUR\u0130ZM POTANS\u0130YEL\u0130 MASAYA YATIRILDI"},"content":{"rendered":"<p>Ayd\u0131n Valisi Dr. Osman Varol ba\u015fkanl\u0131\u011f\u0131nda\u00a0 Ayd\u0131n Valili\u011fi toplant\u0131 salonunda ger\u00e7ekle\u015ftirilen K\u00fclt\u00fcr ve Turizm \u00c7al\u0131\u015fma Grubu Toplant\u0131s\u0131\u2019nda, kentin turizm potansiyelinin geli\u015ftirilmesi, turizm faaliyetlerinin \u00e7e\u015fitlendirilmesi ve Ayd\u0131n\u2019\u0131n marka de\u011ferinin g\u00fc\u00e7lendirilmesine y\u00f6nelik \u00e7al\u0131\u015fmalar de\u011ferlendirildi.<\/p>\n<p>Ayd\u0131n Valisi Dr. Osman Varol\u2019un ba\u015fkanl\u0131\u011f\u0131nda K\u00fclt\u00fcr ve Turizm \u00c7al\u0131\u015fma Grubu Toplant\u0131s\u0131 ger\u00e7ekle\u015ftirildi.<\/p>\n<p>Toplant\u0131ya Vali Yard\u0131mc\u0131lar\u0131 U\u011fur Kolsuz ve Meral U\u00e7ar, Ku\u015fadas\u0131 Kaymakam\u0131 \u0130brahim Keklik ile ilgili kurum ve kurulu\u015flar\u0131n temsilcileri kat\u0131ld\u0131. Ayd\u0131n\u2019\u0131n k\u00fclt\u00fcr ve turizm alan\u0131ndaki mevcut potansiyelinin de\u011ferlendirildi\u011fi toplant\u0131da, kentin turizm kapasitesinin daha da geli\u015ftirilmesine y\u00f6nelik \u00e7al\u0131\u015fmalar ele al\u0131nd\u0131. Toplant\u0131da ayr\u0131ca turizm faaliyetlerinin \u00e7e\u015fitlendirilmesi, farkl\u0131 turizm alanlar\u0131n\u0131n \u00f6ne \u00e7\u0131kar\u0131lmas\u0131 ve Ayd\u0131n\u2019\u0131n turizmdeki marka de\u011ferinin g\u00fc\u00e7lendirilmesine y\u00f6nelik at\u0131lacak ad\u0131mlar de\u011ferlendirildi. Kentte k\u00fclt\u00fcr ve turizm alan\u0131nda y\u00fcr\u00fct\u00fclecek \u00e7al\u0131\u015fmalar\u0131n ilgili kurum ve kurulu\u015flar\u0131n i\u015f birli\u011fi i\u00e7erisinde s\u00fcrd\u00fcr\u00fclmesi konusunda g\u00f6r\u00fc\u015f al\u0131\u015fveri\u015finde bulunuldu.<\/p>\n<p>\u015eerir AKAR\u00c7E\u015eME &#8211; KU\u015eA HABER<\/p>\n","protected":false},"excerpt":{"rendered":"<p>Ayd\u0131n Valisi Dr. Osman Varol ba\u015fkanl\u0131\u011f\u0131nda\u00a0 Ayd\u0131n Valili\u011fi toplant\u0131 salonunda ger\u00e7ekle\u015ftirilen K\u00fclt\u00fcr ve Turizm \u00c7al\u0131\u015fma Grubu Toplant\u0131s\u0131\u2019nda, kentin turizm potansiyelinin geli\u015ftirilmesi, turizm faaliyetlerinin \u00e7e\u015fitlendirilmesi ve Ayd\u0131n\u2019\u0131n marka de\u011ferinin g\u00fc\u00e7lendirilmesine y\u00f6nelik&hellip;<\/p>\n","protected":false},"author":2,"featured_media":3062,"comment_status":"open","ping_status":"open","sticky":false,"template":"","format":"standard","meta":{"footnotes":""},"categories":[16],"tags":[],"class_list":["post-3061","post","type-post","status-publish","format-standard","has-post-thumbnail","hentry","category-gundem"],"_links":{"self":[{"href":"https:\/\/kusahaber.com\/index.php\/wp-json\/wp\/v2\/posts\/3061","targetHints":{"allow":["GET"]}}],"collection":[{"href":"https:\/\/kusahaber.com\/index.php\/wp-json\/wp\/v2\/posts"}],"about":[{"href":"https:\/\/kusahaber.com\/index.php\/wp-json\/wp\/v2\/types\/post"}],"author":[{"embeddable":true,"href":"https:\/\/kusahaber.com\/index.php\/wp-json\/wp\/v2\/users\/2"}],"replies":[{"embeddable":true,"href":"https:\/\/kusahaber.com\/index.php\/wp-json\/wp\/v2\/comments?post=3061"}],"version-history":[{"count":1,"href":"https:\/\/kusahaber.com\/index.php\/wp-json\/wp\/v2\/posts\/3061\/revisions"}],"predecessor-version":[{"id":3063,"href":"https:\/\/kusahaber.com\/index.php\/wp-json\/wp\/v2\/posts\/3061\/revisions\/3063"}],"wp:featuredmedia":[{"embeddable":true,"href":"https:\/\/kusahaber.com\/index.php\/wp-json\/wp\/v2\/media\/3062"}],"wp:attachment":[{"href":"https:\/\/kusahaber.com\/index.php\/wp-json\/wp\/v2\/media?parent=3061"}],"wp:term":[{"taxonomy":"category","embeddable":true,"href":"https:\/\/kusahaber.com\/index.php\/wp-json\/wp\/v2\/categories?post=3061"},{"taxonomy":"post_tag","embeddable":true,"href":"https:\/\/kusahaber.com\/index.php\/wp-json\/wp\/v2\/tags?post=3061"}],"curies":[{"name":"wp","href":"https:\/\/api.w.org\/{rel}","templated":true}]}}