{"id":3067,"date":"2026-08-31T11:31:59","date_gmt":"2026-08-31T08:31:59","guid":{"rendered":"https:\/\/kusahaber.com\/?p=3067"},"modified":"2026-08-31T11:31:59","modified_gmt":"2026-08-31T08:31:59","slug":"bakan-yumakli-aydinda-incir-topladi","status":"publish","type":"post","link":"https:\/\/kusahaber.com\/index.php\/2026\/08\/31\/bakan-yumakli-aydinda-incir-topladi\/","title":{"rendered":"BAKAN YUMAKLI AYDIN\u2019DA \u0130NC\u0130R TOPLADI"},"content":{"rendered":"<p>Tar\u0131m ve Orman Bakan\u0131 \u0130brahim Yumakl\u0131, bir dizi ziyaret ve programa kat\u0131lmak \u00fczere geldi\u011fi Ayd\u0131n\u2019da incir hasad\u0131na kat\u0131ld\u0131. \u0130ncir Ara\u015ft\u0131rma Enstit\u00fcs\u00fc M\u00fcd\u00fcrl\u00fc\u011f\u00fc\u2019n\u00fc ziyaret eden Bakan Yumakl\u0131, bah\u00e7eye girerek a\u011fa\u00e7tan incir toplad\u0131.<br class=\"html-br\" \/><br class=\"html-br\" \/>\u0130LK DURAK \u0130NC\u0130R ARA\u015eTIRMA ENST\u0130T\u00dcS\u00dc<br class=\"html-br\" \/><br class=\"html-br\" \/>Bakan Yumakl\u0131\u2019n\u0131n Ayd\u0131n program\u0131ndaki ilk dura\u011f\u0131, kentin \u00f6nemli tar\u0131msal \u00fcr\u00fcnlerinden incir \u00fczerine \u00e7al\u0131\u015fmalar\u0131n y\u00fcr\u00fct\u00fcld\u00fc\u011f\u00fc \u0130ncir Ara\u015ft\u0131rma Enstit\u00fcs\u00fc M\u00fcd\u00fcrl\u00fc\u011f\u00fc oldu.<br class=\"html-br\" \/><br class=\"html-br\" \/>Enstit\u00fcde yetkililerden incir \u00fcretimi ve y\u00fcr\u00fct\u00fclen \u00e7al\u0131\u015fmalar hakk\u0131nda bilgi alan Yumakl\u0131, daha sonra incir bah\u00e7esine ge\u00e7ti.<br class=\"html-br\" \/><br class=\"html-br\" \/>BAH\u00c7EDE HASADA KATILDI<br class=\"html-br\" \/><br class=\"html-br\" \/>\u0130ncir hasad\u0131na kat\u0131lan Bakan Yumakl\u0131, a\u011fa\u00e7tan incir toplad\u0131. Hasat s\u0131ras\u0131nda \u00fcreticilerle de bir araya gelen Yumakl\u0131, incir \u00fcretimi ve yeni hasat sezonuna ili\u015fkin bilgi ald\u0131.<br class=\"html-br\" \/><br class=\"html-br\" \/>Ayd\u0131n\u2019\u0131n tar\u0131msal ekonomisinde \u00f6nemli bir yere sahip olan incirde yeni hasat sezonunun ba\u015flamas\u0131yla birlikte \u00fcreticilerin g\u00f6z\u00fc rekolte ve \u00fcr\u00fcn fiyatlar\u0131na \u00e7evrildi.<br class=\"html-br\" \/><br class=\"html-br\" \/>Bakan Yumakl\u0131\u2019n\u0131n Ayd\u0131n program\u0131 kapsam\u0131nda kentte \u00e7e\u015fitli ziyaret ve temaslar\u0131n\u0131 s\u00fcrd\u00fcrmesi bekleniyor.<br class=\"html-br\" \/><br class=\"html-br\" \/>\u015eerif Akar\u00e7e\u015fme &#8211; KU\u015eA HABER<br class=\"html-br\" \/><br class=\"html-br\" \/>Ayd\u0131n ve Ku\u015fadas\u0131&#8217;ndan haberdar olmak i\u00e7in\u00a0<span class=\"html-span xdj266r x14z9mp xat24cr x1lziwak xexx8yu xyri2b x18d9i69 x1c1uobl x1hl2dhg x16tdsg8 x1vvkbs\"><a class=\"x1i10hfl xjbqb8w x1ejq31n x18oe1m7 x1sy0etr xstzfhl x972fbf x10w94by x1qhh985 x14e42zd x9f619 x1ypdohk xt0psk2 x3ct3a4 xdj266r x14z9mp xat24cr x1lziwak xexx8yu xyri2b x18d9i69 x1c1uobl x16tdsg8 x1hl2dhg xggy1nq x1a2a7pz xkrqix3 x1sur9pj x1fey0fg x1s688f\" tabindex=\"0\" role=\"link\" href=\"http:\/\/www.kusahaber.com\/?fbclid=IwcGRvZgFleHRuA2FlbQIxMABicmlkETFYY3lIZzlrSnM2VElzc2lJc3J0YwZhcHBfaWQQMjIyMDM5MTc4ODIwMDg5MgABHmWDCiobZUlCXyWzM7VtY747C6IUtNwt1RM27u-MvOphpFN6xnpWz6l8XCML_aem_jkZpbH6uIdVdo3dOWzFr1Q\" target=\"_blank\" rel=\"nofollow noopener noreferrer\">www.kusahaber.com<\/a><\/span>\u00a0ve @kusa_haber takip edin.<br class=\"html-br\" \/><br class=\"html-br\" \/><\/p>\n","protected":false},"excerpt":{"rendered":"<p>Tar\u0131m ve Orman Bakan\u0131 \u0130brahim Yumakl\u0131, bir dizi ziyaret ve programa kat\u0131lmak \u00fczere geldi\u011fi Ayd\u0131n\u2019da incir hasad\u0131na kat\u0131ld\u0131. \u0130ncir Ara\u015ft\u0131rma Enstit\u00fcs\u00fc M\u00fcd\u00fcrl\u00fc\u011f\u00fc\u2019n\u00fc ziyaret eden Bakan Yumakl\u0131, bah\u00e7eye girerek a\u011fa\u00e7tan incir&hellip;<\/p>\n","protected":false},"author":2,"featured_media":3068,"comment_status":"open","ping_status":"open","sticky":false,"template":"","format":"standard","meta":{"footnotes":""},"categories":[16],"tags":[1390],"class_list":["post-3067","post","type-post","status-publish","format-standard","has-post-thumbnail","hentry","category-gundem","tag-aydin-ibrahimyumakli-bakanyumakli-incir-incirhasadi-aydininciri-tarim-uretici-tarimveormanbakanligi-kusahaber"],"_links":{"self":[{"href":"https:\/\/kusahaber.com\/index.php\/wp-json\/wp\/v2\/posts\/3067","targetHints":{"allow":["GET"]}}],"collection":[{"href":"https:\/\/kusahaber.com\/index.php\/wp-json\/wp\/v2\/posts"}],"about":[{"href":"https:\/\/kusahaber.com\/index.php\/wp-json\/wp\/v2\/types\/post"}],"author":[{"embeddable":true,"href":"https:\/\/kusahaber.com\/index.php\/wp-json\/wp\/v2\/users\/2"}],"replies":[{"embeddable":true,"href":"https:\/\/kusahaber.com\/index.php\/wp-json\/wp\/v2\/comments?post=3067"}],"version-history":[{"count":1,"href":"https:\/\/kusahaber.com\/index.php\/wp-json\/wp\/v2\/posts\/3067\/revisions"}],"predecessor-version":[{"id":3069,"href":"https:\/\/kusahaber.com\/index.php\/wp-json\/wp\/v2\/posts\/3067\/revisions\/3069"}],"wp:featuredmedia":[{"embeddable":true,"href":"https:\/\/kusahaber.com\/index.php\/wp-json\/wp\/v2\/media\/3068"}],"wp:attachment":[{"href":"https:\/\/kusahaber.com\/index.php\/wp-json\/wp\/v2\/media?parent=3067"}],"wp:term":[{"taxonomy":"category","embeddable":true,"href":"https:\/\/kusahaber.com\/index.php\/wp-json\/wp\/v2\/categories?post=3067"},{"taxonomy":"post_tag","embeddable":true,"href":"https:\/\/kusahaber.com\/index.php\/wp-json\/wp\/v2\/tags?post=3067"}],"curies":[{"name":"wp","href":"https:\/\/api.w.org\/{rel}","templated":true}]}}