{"id":3070,"date":"2026-08-31T11:34:54","date_gmt":"2026-08-31T08:34:54","guid":{"rendered":"https:\/\/kusahaber.com\/?p=3070"},"modified":"2026-08-31T11:34:54","modified_gmt":"2026-08-31T08:34:54","slug":"kusadasispor-baskani-toydemir-yalniz-ve-desteksiz-birakildik","status":"publish","type":"post","link":"https:\/\/kusahaber.com\/index.php\/2026\/08\/31\/kusadasispor-baskani-toydemir-yalniz-ve-desteksiz-birakildik\/","title":{"rendered":"KU\u015eADASISPOR BA\u015eKANI TOYDEM\u0130R: \u201cYALNIZ VE DESTEKS\u0130Z BIRAKILDIK\u201d"},"content":{"rendered":"<p>PEK\u0130 KU\u015eADASI\u2019NIN ORTAK DE\u011eER\u0130NE K\u0130M SAH\u0130P \u00c7IKACAK?<br class=\"html-br\" \/><br class=\"html-br\" \/>Ku\u015fadas\u0131spor Kul\u00fcb\u00fc Ba\u015fkan\u0131 H\u00fcseyin Toydemir\u2019in, siyah-beyazl\u0131 kul\u00fcb\u00fcn i\u00e7inde bulundu\u011fu \u015fartlara ili\u015fkin s\u00f6zleri bir kez daha d\u00fc\u015f\u00fcnd\u00fcrd\u00fc.<br class=\"html-br\" \/><br class=\"html-br\" \/>Toydemir, t\u00fcm zorluklara ra\u011fmen Ku\u015fadas\u0131spor\u2019a sahip \u00e7\u0131kmaya devam edeceklerini belirterek \u00f6zetle, \u201cDesteksiz kalsak da, yaln\u0131z b\u0131rak\u0131lsak da bu kul\u00fcbe sahip \u00e7\u0131kaca\u011f\u0131z\u201d mesaj\u0131 verdi.<br class=\"html-br\" \/><br class=\"html-br\" \/>Peki ama neden?<br class=\"html-br\" \/><br class=\"html-br\" \/>Ku\u015fadas\u0131 gibi T\u00fcrkiye\u2019nin en \u00f6nemli turizm merkezlerinden birinde, kentin ad\u0131n\u0131 ta\u015f\u0131yan ve y\u0131llard\u0131r Ku\u015fadas\u0131\u2019n\u0131n en \u00f6nemli sportif markalar\u0131ndan biri olan bir kul\u00fcp neden s\u00fcrekli \u201cyaln\u0131zl\u0131k\u201d ve \u201cdesteksizlik\u201d konu\u015fuyor?<br class=\"html-br\" \/><br class=\"html-br\" \/>Bu sorunun art\u0131k ciddi bi\u00e7imde tart\u0131\u015f\u0131lmas\u0131 gerekiyor.<br class=\"html-br\" \/><br class=\"html-br\" \/>Ku\u015fadas\u0131spor yaln\u0131zca H\u00fcseyin Toydemir\u2019in veya birka\u00e7 y\u00f6neticinin kul\u00fcb\u00fc de\u011fildir.<br class=\"html-br\" \/><br class=\"html-br\" \/>Bu kul\u00fcp KU\u015eADASI\u2019NINDIR!<br class=\"html-br\" \/><br class=\"html-br\" \/>Dolay\u0131s\u0131yla b\u00fct\u00fcn ekonomik y\u00fck\u00fcn birka\u00e7 y\u00f6neticinin omuzlar\u0131na b\u0131rak\u0131lmas\u0131 do\u011fru olmad\u0131\u011f\u0131 gibi s\u00fcrd\u00fcr\u00fclebilir de de\u011fildir.<br class=\"html-br\" \/><br class=\"html-br\" \/>Ku\u015fadas\u0131\u2019nda y\u00fczlerce otel, restoran, turizm i\u015fletmesi, b\u00fcy\u00fck \u015firket ve i\u015f insan\u0131 faaliyet g\u00f6steriyor. Kent ekonomisinden kazan\u00e7 sa\u011flayanlar\u0131n, kentin 90 y\u0131ll\u0131k spor markas\u0131n\u0131n ya\u015famas\u0131 konusunda ne kadar sorumluluk ald\u0131\u011f\u0131 da kamuoyunun sormas\u0131 gereken sorulardan biridir.<br class=\"html-br\" \/><br class=\"html-br\" \/>Ba\u015fkan Toydemir daha \u00f6nce de kul\u00fcb\u00fcn maddi ve manevi anlamda yaln\u0131z b\u0131rak\u0131ld\u0131\u011f\u0131n\u0131 a\u00e7\u0131k\u00e7a dile getirmi\u015fti.<br class=\"html-br\" \/><br class=\"html-br\" \/>Bug\u00fcn h\u00e2l\u00e2 ayn\u0131 \u015feyler konu\u015fuluyorsa ortada yaln\u0131zca sportif de\u011fil, ciddi bir sahiplenme problemi var demektir.<br class=\"html-br\" \/><br class=\"html-br\" \/>\u00dcstelik mesele yaln\u0131zca A tak\u0131m de\u011fil.<br class=\"html-br\" \/><br class=\"html-br\" \/>Ku\u015fadas\u0131spor demek altyap\u0131 demek, \u00e7ocuklar ve gen\u00e7ler demek, Ku\u015fadas\u0131\u2019n\u0131n gelecekte yeti\u015ftirece\u011fi sporcular demektir.<br class=\"html-br\" \/><br class=\"html-br\" \/>S\u00fcrekli olarak \u201cKu\u015fadas\u0131spor bizim ortak de\u011ferimiz\u201d demek g\u00fczel\u2026<br class=\"html-br\" \/><br class=\"html-br\" \/>Ama ortak de\u011ferlere yaln\u0131zca s\u00f6zle sahip \u00e7\u0131k\u0131lmaz.<br class=\"html-br\" \/><br class=\"html-br\" \/>Maddi destek gerekir.<br class=\"html-br\" \/>Tesis gerekir.<br class=\"html-br\" \/>Saha gerekir.<br class=\"html-br\" \/>Sponsor gerekir.<br class=\"html-br\" \/>Kal\u0131c\u0131 gelir kaynaklar\u0131 gerekir.<br class=\"html-br\" \/><br class=\"html-br\" \/>En \u00f6nemlisi de birlik gerekir.<br class=\"html-br\" \/><br class=\"html-br\" \/>Ba\u015fkan ve y\u00f6netimler gelir, gider. Futbolcular de\u011fi\u015fir. Ligler de\u011fi\u015fir.<br class=\"html-br\" \/><br class=\"html-br\" \/>Ama KU\u015eADASISPOR kal\u0131r.<br class=\"html-br\" \/><br class=\"html-br\" \/>Bug\u00fcn sorulmas\u0131 gereken soru \u00e7ok a\u00e7\u0131k:<br class=\"html-br\" \/><br class=\"html-br\" \/>Ku\u015fadas\u0131spor\u2019un ba\u015fkan\u0131 \u201cYaln\u0131z ve desteksiz b\u0131rak\u0131ld\u0131k\u201d diyorsa, Ku\u015fadas\u0131\u2019n\u0131n kurumlar\u0131, i\u015f d\u00fcnyas\u0131 ve kentin ileri gelenleri nerede?<br class=\"html-br\" \/><br class=\"html-br\" \/>Bu kul\u00fcb\u00fc birka\u00e7 ki\u015finin omuzlar\u0131nda ta\u015f\u0131maya \u00e7al\u0131\u015fmak yerine b\u00fct\u00fcn kent elini ta\u015f\u0131n alt\u0131na koymal\u0131d\u0131r.<br class=\"html-br\" \/><br class=\"html-br\" \/>\u00c7\u00fcnk\u00fc yar\u0131n i\u015fler daha da k\u00f6t\u00fcye gitti\u011finde \u201cKu\u015fadas\u0131spor neden bu hale geldi?\u201d diye sorman\u0131n hi\u00e7bir anlam\u0131 kalmayacak.<br class=\"html-br\" \/><br class=\"html-br\" \/>Ku\u015fadas\u0131spor\u2019a ger\u00e7ekten sahip \u00e7\u0131k\u0131lacaksa\u2026<br class=\"html-br\" \/><br class=\"html-br\" \/>G\u00dcN BUG\u00dcND\u00dcR!<br class=\"html-br\" \/><br class=\"html-br\" \/>\u015eerif Akar\u00e7e\u015fme &#8211; KU\u015eA HABER<br class=\"html-br\" \/><br class=\"html-br\" \/>Ayd\u0131n ve Ku\u015fadas\u0131&#8217;ndan haberdar olmak i\u00e7in\u00a0<span class=\"html-span xdj266r x14z9mp xat24cr x1lziwak xexx8yu xyri2b x18d9i69 x1c1uobl x1hl2dhg x16tdsg8 x1vvkbs\"><a class=\"x1i10hfl xjbqb8w x1ejq31n x18oe1m7 x1sy0etr xstzfhl x972fbf x10w94by x1qhh985 x14e42zd x9f619 x1ypdohk xt0psk2 x3ct3a4 xdj266r x14z9mp xat24cr x1lziwak xexx8yu xyri2b x18d9i69 x1c1uobl x16tdsg8 x1hl2dhg xggy1nq x1a2a7pz xkrqix3 x1sur9pj x1fey0fg x1s688f\" tabindex=\"0\" role=\"link\" href=\"http:\/\/www.kusahaber.com\/?fbclid=IwcGRvZgFleHRuA2FlbQIxMABicmlkETFYY3lIZzlrSnM2VElzc2lJc3J0YwZhcHBfaWQQMjIyMDM5MTc4ODIwMDg5MgABHnq_Yohi-DEBnnqCrMHpFkE4S0-3gQIdJCvEmxyzR7LosFTx0qBcV2oNWe5s_aem_6DbkCTSAGlp8b7ojNIgZyA\" target=\"_blank\" rel=\"nofollow noopener noreferrer\">www.kusahaber.com<\/a><\/span>\u00a0ve @kusa_haber takip edin.<br class=\"html-br\" \/><br class=\"html-br\" \/><\/p>\n","protected":false},"excerpt":{"rendered":"<p>PEK\u0130 KU\u015eADASI\u2019NIN ORTAK DE\u011eER\u0130NE K\u0130M SAH\u0130P \u00c7IKACAK?Ku\u015fadas\u0131spor Kul\u00fcb\u00fc Ba\u015fkan\u0131 H\u00fcseyin Toydemir\u2019in, siyah-beyazl\u0131 kul\u00fcb\u00fcn i\u00e7inde bulundu\u011fu \u015fartlara ili\u015fkin s\u00f6zleri bir kez daha d\u00fc\u015f\u00fcnd\u00fcrd\u00fc.Toydemir, t\u00fcm zorluklara ra\u011fmen Ku\u015fadas\u0131spor\u2019a sahip \u00e7\u0131kmaya devam edeceklerini&hellip;<\/p>\n","protected":false},"author":2,"featured_media":3071,"comment_status":"open","ping_status":"open","sticky":false,"template":"","format":"standard","meta":{"footnotes":""},"categories":[17],"tags":[1391],"class_list":["post-3070","post","type-post","status-publish","format-standard","has-post-thumbnail","hentry","category-spor","tag-kusadasispor-kusadasi-huseyintoydemir-siyahbeyaz-kusadasisporasahipcik-spor-kusahaber"],"_links":{"self":[{"href":"https:\/\/kusahaber.com\/index.php\/wp-json\/wp\/v2\/posts\/3070","targetHints":{"allow":["GET"]}}],"collection":[{"href":"https:\/\/kusahaber.com\/index.php\/wp-json\/wp\/v2\/posts"}],"about":[{"href":"https:\/\/kusahaber.com\/index.php\/wp-json\/wp\/v2\/types\/post"}],"author":[{"embeddable":true,"href":"https:\/\/kusahaber.com\/index.php\/wp-json\/wp\/v2\/users\/2"}],"replies":[{"embeddable":true,"href":"https:\/\/kusahaber.com\/index.php\/wp-json\/wp\/v2\/comments?post=3070"}],"version-history":[{"count":1,"href":"https:\/\/kusahaber.com\/index.php\/wp-json\/wp\/v2\/posts\/3070\/revisions"}],"predecessor-version":[{"id":3072,"href":"https:\/\/kusahaber.com\/index.php\/wp-json\/wp\/v2\/posts\/3070\/revisions\/3072"}],"wp:featuredmedia":[{"embeddable":true,"href":"https:\/\/kusahaber.com\/index.php\/wp-json\/wp\/v2\/media\/3071"}],"wp:attachment":[{"href":"https:\/\/kusahaber.com\/index.php\/wp-json\/wp\/v2\/media?parent=3070"}],"wp:term":[{"taxonomy":"category","embeddable":true,"href":"https:\/\/kusahaber.com\/index.php\/wp-json\/wp\/v2\/categories?post=3070"},{"taxonomy":"post_tag","embeddable":true,"href":"https:\/\/kusahaber.com\/index.php\/wp-json\/wp\/v2\/tags?post=3070"}],"curies":[{"name":"wp","href":"https:\/\/api.w.org\/{rel}","templated":true}]}}