{"id":3073,"date":"2026-08-31T11:37:18","date_gmt":"2026-08-31T08:37:18","guid":{"rendered":"https:\/\/kusahaber.com\/?p=3073"},"modified":"2026-08-31T11:37:18","modified_gmt":"2026-08-31T08:37:18","slug":"dunden-bugune-ne-degisti-30-agustosta-bayraklarimiz-nerede","status":"publish","type":"post","link":"https:\/\/kusahaber.com\/index.php\/2026\/08\/31\/dunden-bugune-ne-degisti-30-agustosta-bayraklarimiz-nerede\/","title":{"rendered":"D\u00dcNDEN BUG\u00dcNE NE DE\u011e\u0130\u015eT\u0130? 30 A\u011eUSTOS\u2019TA BAYRAKLARIMIZ NEREDE?"},"content":{"rendered":"<p>Bug\u00fcn 30 A\u011fustos Zafer Bayram\u0131\u2026<br class=\"html-br\" \/><br class=\"html-br\" \/>Bundan \u00e7ok de\u011fil, birka\u00e7 y\u0131l \u00f6ncesine kadar milli bayramlar\u0131n geldi\u011fini anlamak i\u00e7in takvime bakmaya gerek yoktu.<br class=\"html-br\" \/><br class=\"html-br\" \/>Sokaklara \u00e7\u0131kt\u0131\u011f\u0131n\u0131zda anlard\u0131n\u0131z.<br class=\"html-br\" \/><br class=\"html-br\" \/>Evlerin balkonlar\u0131nda, pencerelerinde, apartmanlar\u0131n giri\u015flerinde, esnaf\u0131n vitrinlerinde T\u00fcrk bayraklar\u0131 dalgalan\u0131rd\u0131. Kiminin bayra\u011f\u0131 metrelerce b\u00fcy\u00fckl\u00fckteydi, kimininki k\u00fc\u00e7\u00fcc\u00fck\u2026 Kimi bez bayrak asard\u0131, kimi imk\u00e2n\u0131 \u00f6l\u00e7\u00fcs\u00fcnde k\u00e2\u011f\u0131ttan bir T\u00fcrk bayra\u011f\u0131n\u0131 penceresine ili\u015ftirirdi.<br class=\"html-br\" \/><br class=\"html-br\" \/>Ama mutlaka bir bayrak olurdu.<br class=\"html-br\" \/><br class=\"html-br\" \/>\u00c7\u00fcnk\u00fc mesele bayra\u011f\u0131n b\u00fcy\u00fckl\u00fc\u011f\u00fc de\u011fildi.<br class=\"html-br\" \/><br class=\"html-br\" \/>Mesele, o bayra\u011f\u0131 asma heyecan\u0131yd\u0131.<br class=\"html-br\" \/><br class=\"html-br\" \/>Bug\u00fcn 30 A\u011fustos Zafer Bayram\u0131 nedeniyle Ku\u015fadas\u0131&#8217;n\u0131n bir\u00e7ok noktas\u0131n\u0131 dola\u015ft\u0131k. \u00c7ekti\u011fimiz foto\u011fraflara bakt\u0131\u011f\u0131m\u0131zda ise insan\u0131n ister istemez i\u00e7i burkuluyor.<br class=\"html-br\" \/><br class=\"html-br\" \/>Onlarca apartman, y\u00fczlerce balkon ve pencere\u2026<br class=\"html-br\" \/><br class=\"html-br\" \/>T\u00fcrk bayra\u011f\u0131na rastlamak ise neredeyse istisna haline gelmi\u015f.<br class=\"html-br\" \/><br class=\"html-br\" \/>Elbette bayrak asmayan herkesi milli de\u011ferlerine duyars\u0131z olmakla su\u00e7layamay\u0131z. Kimsenin vatan sevgisi yaln\u0131zca balkonuna ast\u0131\u011f\u0131 bayrakla \u00f6l\u00e7\u00fclemez.<br class=\"html-br\" \/><br class=\"html-br\" \/>Ancak ortada sorulmas\u0131 gereken toplumsal bir soru var:<br class=\"html-br\" \/><br class=\"html-br\" \/>D\u00fcnden bug\u00fcne ne de\u011fi\u015fti?<br class=\"html-br\" \/><br class=\"html-br\" \/>Milli bayramlar\u0131m\u0131z\u0131 sokaklarda, balkonlarda ve pencerelerde ya\u015fatma heyecan\u0131m\u0131z neden giderek azal\u0131yor?<br class=\"html-br\" \/><br class=\"html-br\" \/>30 A\u011fustos yaln\u0131zca takvimde k\u0131rm\u0131z\u0131yla i\u015faretlenmi\u015f bir tatil g\u00fcn\u00fc de\u011fildir.<br class=\"html-br\" \/><br class=\"html-br\" \/>30 A\u011fustos; ba\u011f\u0131ms\u0131zl\u0131\u011f\u0131n, \u00f6zg\u00fcrl\u00fc\u011f\u00fcn ve bu topraklarda ba\u015f\u0131m\u0131z dik ya\u015fayabilmenin bedelinin \u00f6dendi\u011fi b\u00fcy\u00fck bir zaferin ad\u0131d\u0131r.<br class=\"html-br\" \/><br class=\"html-br\" \/>O nedenle bayrak asmak yaln\u0131zca bir s\u00fcsleme de\u011fildir.<br class=\"html-br\" \/><br class=\"html-br\" \/>Bir hat\u0131rlamad\u0131r.<br class=\"html-br\" \/>Bir vefa g\u00f6stergesidir.<br class=\"html-br\" \/>\u00c7ocuklar\u0131m\u0131za b\u0131rakaca\u011f\u0131m\u0131z milli haf\u0131zan\u0131n k\u00fc\u00e7\u00fck ama anlaml\u0131 bir par\u00e7as\u0131d\u0131r.<br class=\"html-br\" \/><br class=\"html-br\" \/>\u00c7ocuklar\u0131m\u0131z milli bayramlar\u0131n farkl\u0131 g\u00fcnler oldu\u011funu sokaklardan, evlerden, balkonlardan g\u00f6rerek \u00f6\u011frenmelidir.<br class=\"html-br\" \/><br class=\"html-br\" \/>Bir zamanlar milli bayram sabahlar\u0131nda mahalleler k\u0131rm\u0131z\u0131-beyaza b\u00fcr\u00fcn\u00fcrd\u00fc.<br class=\"html-br\" \/><br class=\"html-br\" \/>Bug\u00fcn ise balkonlar\u0131m\u0131z bo\u015f, pencerelerimiz sessiz\u2026<br class=\"html-br\" \/><br class=\"html-br\" \/>Peki neden?<br class=\"html-br\" \/><br class=\"html-br\" \/>Hayat\u0131n ko\u015fu\u015fturmacas\u0131 m\u0131 bizi de\u011fi\u015ftirdi?<br class=\"html-br\" \/>Milli bayramlar\u0131m\u0131z s\u0131radan bir tatil g\u00fcn\u00fcne mi d\u00f6n\u00fc\u015ft\u00fc?<br class=\"html-br\" \/>Yoksa ortak de\u011ferlerimizi g\u00f6r\u00fcn\u00fcr k\u0131lma al\u0131\u015fkanl\u0131\u011f\u0131m\u0131z\u0131 yava\u015f yava\u015f m\u0131 kaybediyoruz?<br class=\"html-br\" \/><br class=\"html-br\" \/>Bu sorular\u0131 hepimizin kendimize sormas\u0131 gerekiyor.<br class=\"html-br\" \/><br class=\"html-br\" \/>Bir T\u00fcrk bayra\u011f\u0131n\u0131 balkona asmak birka\u00e7 dakika\u2026<br class=\"html-br\" \/><br class=\"html-br\" \/>Ama o bayra\u011f\u0131n temsil etti\u011fi ba\u011f\u0131ms\u0131zl\u0131k i\u00e7in verilen m\u00fccadele y\u0131llar, fedak\u00e2rl\u0131klar ve say\u0131s\u0131z can demekti.<br class=\"html-br\" \/><br class=\"html-br\" \/>Bug\u00fcn Ku\u015fadas\u0131&#8217;ndan \u00e7ekti\u011fimiz bu g\u00f6r\u00fcnt\u00fcler asl\u0131nda sadece bo\u015f balkonlar\u0131 g\u00f6stermiyor.<br class=\"html-br\" \/><br class=\"html-br\" \/>Belki de hepimize \u00f6nemli bir soruyu hat\u0131rlat\u0131yor:<br class=\"html-br\" \/><br class=\"html-br\" \/>M\u0130LL\u0130 BAYRAMLARDAK\u0130 O ESK\u0130 HEYECANIMIZ NEREDE?<br class=\"html-br\" \/><br class=\"html-br\" \/>Gelin, milli bayramlar\u0131m\u0131z\u0131 yeniden balkonlar\u0131m\u0131za, pencerelerimize, i\u015f yerlerimize ve en \u00f6nemlisi \u00e7ocuklar\u0131m\u0131z\u0131n haf\u0131zas\u0131na ta\u015f\u0131yal\u0131m.<br class=\"html-br\" \/><br class=\"html-br\" \/>Bayra\u011f\u0131m\u0131z yaln\u0131zca resmi kurumlar\u0131n g\u00f6nderlerinde de\u011fil, milletin evinde de dalgalans\u0131n.<br class=\"html-br\" \/><br class=\"html-br\" \/>\u00c7\u00fcnk\u00fc bug\u00fcn 30 A\u011fustos.<br class=\"html-br\" \/><br class=\"html-br\" \/>Bug\u00fcn Zafer Bayram\u0131.<br class=\"html-br\" \/><br class=\"html-br\" \/>Bu bayram hepimizin.<br class=\"html-br\" \/><br class=\"html-br\" \/>30 A\u011fustos Zafer Bayram\u0131m\u0131z kutlu olsun.<br class=\"html-br\" \/><br class=\"html-br\" \/>\u015eerif Akar\u00e7e\u015fme &#8211; KU\u015eA HABER<br class=\"html-br\" \/><br class=\"html-br\" \/>Ayd\u0131n ve Ku\u015fadas\u0131&#8217;ndan haberdar olmak i\u00e7in\u00a0<span class=\"html-span xdj266r x14z9mp xat24cr x1lziwak xexx8yu xyri2b x18d9i69 x1c1uobl x1hl2dhg x16tdsg8 x1vvkbs\"><a class=\"x1i10hfl xjbqb8w x1ejq31n x18oe1m7 x1sy0etr xstzfhl x972fbf x10w94by x1qhh985 x14e42zd x9f619 x1ypdohk xt0psk2 x3ct3a4 xdj266r x14z9mp xat24cr x1lziwak xexx8yu xyri2b x18d9i69 x1c1uobl x16tdsg8 x1hl2dhg xggy1nq x1a2a7pz xkrqix3 x1sur9pj x1fey0fg x1s688f\" tabindex=\"0\" role=\"link\" href=\"http:\/\/www.kusahaber.com\/?fbclid=IwcGRvZgFleHRuA2FlbQIxMABicmlkETFYY3lIZzlrSnM2VElzc2lJc3J0YwZhcHBfaWQQMjIyMDM5MTc4ODIwMDg5MgABHmWDCiobZUlCXyWzM7VtY747C6IUtNwt1RM27u-MvOphpFN6xnpWz6l8XCML_aem_jkZpbH6uIdVdo3dOWzFr1Q\" target=\"_blank\" rel=\"nofollow noopener noreferrer\">www.kusahaber.com<\/a><\/span>\u00a0ve @kusa_haber takip edin.<br class=\"html-br\" \/><\/p>\n","protected":false},"excerpt":{"rendered":"<p>Bug\u00fcn 30 A\u011fustos Zafer Bayram\u0131\u2026Bundan \u00e7ok de\u011fil, birka\u00e7 y\u0131l \u00f6ncesine kadar milli bayramlar\u0131n geldi\u011fini anlamak i\u00e7in takvime bakmaya gerek yoktu.Sokaklara \u00e7\u0131kt\u0131\u011f\u0131n\u0131zda anlard\u0131n\u0131z.Evlerin balkonlar\u0131nda, pencerelerinde, apartmanlar\u0131n giri\u015flerinde, esnaf\u0131n vitrinlerinde T\u00fcrk bayraklar\u0131&hellip;<\/p>\n","protected":false},"author":2,"featured_media":3074,"comment_status":"open","ping_status":"open","sticky":false,"template":"","format":"standard","meta":{"footnotes":""},"categories":[16],"tags":[1392],"class_list":["post-3073","post","type-post","status-publish","format-standard","has-post-thumbnail","hentry","category-gundem","tag-30agustos-zaferbayrami-turkbayragi-kusadasi-kusahaber-millibayram-30agustoszaferbayrami-dundenbugunenedegisti"],"_links":{"self":[{"href":"https:\/\/kusahaber.com\/index.php\/wp-json\/wp\/v2\/posts\/3073","targetHints":{"allow":["GET"]}}],"collection":[{"href":"https:\/\/kusahaber.com\/index.php\/wp-json\/wp\/v2\/posts"}],"about":[{"href":"https:\/\/kusahaber.com\/index.php\/wp-json\/wp\/v2\/types\/post"}],"author":[{"embeddable":true,"href":"https:\/\/kusahaber.com\/index.php\/wp-json\/wp\/v2\/users\/2"}],"replies":[{"embeddable":true,"href":"https:\/\/kusahaber.com\/index.php\/wp-json\/wp\/v2\/comments?post=3073"}],"version-history":[{"count":1,"href":"https:\/\/kusahaber.com\/index.php\/wp-json\/wp\/v2\/posts\/3073\/revisions"}],"predecessor-version":[{"id":3075,"href":"https:\/\/kusahaber.com\/index.php\/wp-json\/wp\/v2\/posts\/3073\/revisions\/3075"}],"wp:featuredmedia":[{"embeddable":true,"href":"https:\/\/kusahaber.com\/index.php\/wp-json\/wp\/v2\/media\/3074"}],"wp:attachment":[{"href":"https:\/\/kusahaber.com\/index.php\/wp-json\/wp\/v2\/media?parent=3073"}],"wp:term":[{"taxonomy":"category","embeddable":true,"href":"https:\/\/kusahaber.com\/index.php\/wp-json\/wp\/v2\/categories?post=3073"},{"taxonomy":"post_tag","embeddable":true,"href":"https:\/\/kusahaber.com\/index.php\/wp-json\/wp\/v2\/tags?post=3073"}],"curies":[{"name":"wp","href":"https:\/\/api.w.org\/{rel}","templated":true}]}}