{"id":3076,"date":"2026-08-31T11:42:14","date_gmt":"2026-08-31T08:42:14","guid":{"rendered":"https:\/\/kusahaber.com\/?p=3076"},"modified":"2026-08-31T21:31:46","modified_gmt":"2026-08-31T18:31:46","slug":"kusa-haberden-yalan-haber-iddialarina-yanit-belgeniz-varsa-yayinlayin","status":"publish","type":"post","link":"https:\/\/kusahaber.com\/index.php\/2026\/08\/31\/kusa-haberden-yalan-haber-iddialarina-yanit-belgeniz-varsa-yayinlayin\/","title":{"rendered":"KU\u015eA HABER\u2019DEN \u201cYALAN HABER\u201d \u0130DD\u0130ALARINA YANIT: BELGEN\u0130Z VARSA YAYINLAYIN!"},"content":{"rendered":"<p>Ku\u015fadas\u0131\u2019nda 30 A\u011fustos Zafer Bayram\u0131 dolay\u0131s\u0131yla Atat\u00fcrk An\u0131t\u0131\u2019nda ger\u00e7ekle\u015ftirilen resmi t\u00f6rene ili\u015fkin Ku\u015fa Haber\u2019in yapt\u0131\u011f\u0131 haberin ard\u0131ndan ba\u015flayan tart\u0131\u015fma s\u00fcr\u00fcyor.<br class=\"html-br\" \/><br class=\"html-br\" \/>Ku\u015fa Haber\u2019in, Ku\u015fadas\u0131 Esnaf ve Sanatk\u00e2rlar Odas\u0131 Ba\u015fkan\u0131 Ahmet \u00c7al\u0131m ile Ku\u015fadas\u0131 Ticaret Odas\u0131 Ba\u015fkan\u0131 Serdar Akdo\u011fan\u2019\u0131n t\u00f6ren s\u0131ras\u0131nda protokoldeki yerlerinde g\u00f6r\u00fclmedi\u011fine ili\u015fkin haberine y\u00f6nelik sosyal medyada \u201cyalan ve iftira\u201d su\u00e7lamalar\u0131 y\u00f6neltildi.<br class=\"html-br\" \/><br class=\"html-br\" \/>Ku\u015fa Haber ise bu su\u00e7lamalara a\u00e7\u0131k ve net bir \u00e7a\u011fr\u0131yla yan\u0131t verdi:<br class=\"html-br\" \/><br class=\"html-br\" \/>\u201cBiz t\u00f6ren bittikten sonra kimin nerede oldu\u011fundan bahsetmiyoruz. Haberimizin konusu, Atat\u00fcrk An\u0131t\u0131\u2019nda ger\u00e7ekle\u015ftirilen resmi t\u00f6ren s\u0131ras\u0131nda protokolde bulunup bulunulmad\u0131\u011f\u0131d\u0131r.\u201d<br class=\"html-br\" \/><br class=\"html-br\" \/>KAYMAKAMLIK T\u00d6REN\u0130NDE VAR MIYDINIZ?<br class=\"html-br\" \/><br class=\"html-br\" \/>Ku\u015fa Haber, tart\u0131\u015fman\u0131n ki\u015fisel su\u00e7lamalar ve farkl\u0131 iddialar \u00fczerinden de\u011fil, belge ve g\u00f6r\u00fcnt\u00fcler \u00fczerinden y\u00fcr\u00fct\u00fclmesi gerekti\u011fini belirterek \u015fu sorular\u0131 y\u00f6neltti:<br class=\"html-br\" \/><br class=\"html-br\" \/>\u201cKaymakaml\u0131k taraf\u0131ndan d\u00fczenlenen resmi t\u00f6rende var m\u0131yd\u0131n\u0131z? Atat\u00fcrk An\u0131t\u0131\u2019nda ger\u00e7ekle\u015ftirilen t\u00f6ren s\u0131ras\u0131nda protokol i\u00e7in ayr\u0131lan koltuklarda oturdu\u011funuzu g\u00f6steren foto\u011fraf veya videonuz var m\u0131?\u201d<br class=\"html-br\" \/><br class=\"html-br\" \/>VARSA FOTO\u011eRAFI YAYINLAYIN, B\u0130Z DE YAYINLAYALIM<br class=\"html-br\" \/><br class=\"html-br\" \/>Ku\u015fa Haber\u2019den yap\u0131lan a\u00e7\u0131klamada \u015fu ifadelere yer verildi:<br class=\"html-br\" \/><br class=\"html-br\" \/>\u201cE\u011fer haberimizin \u2018yalan ve iftira\u2019 oldu\u011funu iddia ediyorsan\u0131z, bunu ortaya koyman\u0131n yolu \u00e7ok basit. Atat\u00fcrk An\u0131t\u0131\u2019ndaki resmi t\u00f6ren s\u0131ras\u0131nda protokoldeki yerinizde bulundu\u011funuzu g\u00f6steren foto\u011fraf veya videoyu yay\u0131nlay\u0131n. Bize de g\u00f6nderin, biz de kamuoyuyla payla\u015fal\u0131m. Ger\u00e7ek neyse ortaya \u00e7\u0131ks\u0131n.\u201d<br class=\"html-br\" \/><br class=\"html-br\" \/>SOSYAL MEDYA PAYLA\u015eIMI SORUMUZA CEVAP DE\u011e\u0130L<br class=\"html-br\" \/><br class=\"html-br\" \/>Oda ba\u015fkanlar\u0131n\u0131n veya y\u00f6netimlerinin t\u00f6ren alan\u0131ndan sosyal medya payla\u015f\u0131m\u0131 yapm\u0131\u015f olmas\u0131, Ku\u015fa Haber\u2019in g\u00fcndeme getirdi\u011fi temel soruya tek ba\u015f\u0131na cevap olu\u015fturmuyor.<br class=\"html-br\" \/><br class=\"html-br\" \/>Bizim sordu\u011fumuz soru a\u00e7\u0131k:<br class=\"html-br\" \/><br class=\"html-br\" \/>\u201cResmi t\u00f6ren devam ederken protokolde kendilerine ayr\u0131lan yerlerde miydiler?\u201d<br class=\"html-br\" \/><br class=\"html-br\" \/>Varsa bunu g\u00f6steren foto\u011fraf ve videolar\u0131n payla\u015f\u0131lmas\u0131n\u0131 bekliyoruz.<br class=\"html-br\" \/><br class=\"html-br\" \/>\u201cB\u0130ZE YALAN HABER YAZIYOR D\u0130YENLER \u00d6NCE KEND\u0130 MAZ\u0130LER\u0130NE BAKSIN\u201d<br class=\"html-br\" \/><br class=\"html-br\" \/>Ku\u015fa Haber\u2019e y\u00f6nelik \u201cyalan haber\u201d su\u00e7lamalar\u0131na da cevap veren a\u00e7\u0131klamada \u015fu ifadeler kullan\u0131ld\u0131:<br class=\"html-br\" \/><br class=\"html-br\" \/>\u201cBizi \u2018yalan haber\u2019 yapmakla su\u00e7layanlar \u00f6nce kendi yay\u0131nc\u0131l\u0131k mazilerine baks\u0131nlar. Ge\u00e7mi\u015ften bug\u00fcne kimin alg\u0131 olu\u015fturmaya y\u00f6nelik yay\u0131nlar yapt\u0131\u011f\u0131n\u0131, kimin ger\u00e7ekleri kamuoyuna aktarmaya \u00e7al\u0131\u015ft\u0131\u011f\u0131n\u0131 Ku\u015fadas\u0131 kamuoyu \u00e7ok iyi biliyor.<br class=\"html-br\" \/><br class=\"html-br\" \/>Biz kim oldu\u011fumuzu da nas\u0131l gazetecilik yapt\u0131\u011f\u0131m\u0131z\u0131 da \u00e7ok iyi biliyoruz. Yapt\u0131\u011f\u0131m\u0131z haberlerin arkas\u0131nday\u0131z; ancak ortaya haberimizin yanl\u0131\u015f oldu\u011funu kan\u0131tlayan somut bir belge konulursa onu da ayn\u0131 a\u00e7\u0131kl\u0131kla kamuoyuyla payla\u015fmaktan \u00e7ekinmeyiz.\u201d<br class=\"html-br\" \/><br class=\"html-br\" \/>KAYMAKAMLA \u201cYAKINLIK\u201d \u0130DD\u0130ASINA DA CEVAP<br class=\"html-br\" \/><br class=\"html-br\" \/>Ku\u015fa Haber ayr\u0131ca \u015eerif Akar\u00e7e\u015fme ile Ku\u015fadas\u0131 Kaymakam\u0131 \u0130brahim Keklik aras\u0131nda \u201cyak\u0131nl\u0131k\u201d bulundu\u011fu ve haberin bu nedenle yap\u0131ld\u0131\u011f\u0131 y\u00f6n\u00fcndeki ifadelerin, tart\u0131\u015fman\u0131n esas\u0131n\u0131 de\u011fi\u015ftirmeye y\u00f6nelik ki\u015fisel bir iddia oldu\u011funu belirtti.<br class=\"html-br\" \/><br class=\"html-br\" \/>A\u00e7\u0131klamada:<br class=\"html-br\" \/><br class=\"html-br\" \/>\u201cKaymakamla yak\u0131nl\u0131k, oda ba\u015fkanlar\u0131n\u0131n Kaymakaml\u0131kla fikir ayr\u0131l\u0131klar\u0131 veya ba\u015fka birtak\u0131m iddialar \u00fczerinden konuyu ba\u015fka yerlere \u00e7ekmenin gere\u011fi yok. Bunlar\u0131n hi\u00e7biri bizim sordu\u011fumuz sorunun cevab\u0131 de\u011fildir.\u201d<br class=\"html-br\" \/><br class=\"html-br\" \/>ifadelerine yer verildi.<br class=\"html-br\" \/><br class=\"html-br\" \/>BELGE KONU\u015eSUN, KAMUOYU KARAR VERS\u0130N<br class=\"html-br\" \/><br class=\"html-br\" \/>Ku\u015fa Haber olarak \u00e7a\u011fr\u0131m\u0131z\u0131 bir kez daha yineliyoruz:<br class=\"html-br\" \/><br class=\"html-br\" \/>Atat\u00fcrk An\u0131t\u0131\u2019nda d\u00fczenlenen resmi t\u00f6ren s\u0131ras\u0131nda protokoldeki yerinizde bulundu\u011funuzu g\u00f6steren foto\u011fraf veya video varsa yay\u0131nlay\u0131n.<br class=\"html-br\" \/><br class=\"html-br\" \/>Biz de yay\u0131nlayal\u0131m.<br class=\"html-br\" \/><br class=\"html-br\" \/>Tart\u0131\u015fmay\u0131 ki\u015fiselle\u015ftirmek yerine belgeyi ortaya koyal\u0131m.<br class=\"html-br\" \/><br class=\"html-br\" \/>BELGE KONU\u015eSUN, KAMUOYU KARAR VERS\u0130N!<br class=\"html-br\" \/><br class=\"html-br\" \/><\/p>\n","protected":false},"excerpt":{"rendered":"<p>Ku\u015fadas\u0131\u2019nda 30 A\u011fustos Zafer Bayram\u0131 dolay\u0131s\u0131yla Atat\u00fcrk An\u0131t\u0131\u2019nda ger\u00e7ekle\u015ftirilen resmi t\u00f6rene ili\u015fkin Ku\u015fa Haber\u2019in yapt\u0131\u011f\u0131 haberin ard\u0131ndan ba\u015flayan tart\u0131\u015fma s\u00fcr\u00fcyor.Ku\u015fa Haber\u2019in, Ku\u015fadas\u0131 Esnaf ve Sanatk\u00e2rlar Odas\u0131 Ba\u015fkan\u0131 Ahmet \u00c7al\u0131m ile&hellip;<\/p>\n","protected":false},"author":2,"featured_media":3088,"comment_status":"open","ping_status":"open","sticky":false,"template":"","format":"standard","meta":{"footnotes":""},"categories":[16],"tags":[],"class_list":["post-3076","post","type-post","status-publish","format-standard","has-post-thumbnail","hentry","category-gundem"],"_links":{"self":[{"href":"https:\/\/kusahaber.com\/index.php\/wp-json\/wp\/v2\/posts\/3076","targetHints":{"allow":["GET"]}}],"collection":[{"href":"https:\/\/kusahaber.com\/index.php\/wp-json\/wp\/v2\/posts"}],"about":[{"href":"https:\/\/kusahaber.com\/index.php\/wp-json\/wp\/v2\/types\/post"}],"author":[{"embeddable":true,"href":"https:\/\/kusahaber.com\/index.php\/wp-json\/wp\/v2\/users\/2"}],"replies":[{"embeddable":true,"href":"https:\/\/kusahaber.com\/index.php\/wp-json\/wp\/v2\/comments?post=3076"}],"version-history":[{"count":1,"href":"https:\/\/kusahaber.com\/index.php\/wp-json\/wp\/v2\/posts\/3076\/revisions"}],"predecessor-version":[{"id":3078,"href":"https:\/\/kusahaber.com\/index.php\/wp-json\/wp\/v2\/posts\/3076\/revisions\/3078"}],"wp:featuredmedia":[{"embeddable":true,"href":"https:\/\/kusahaber.com\/index.php\/wp-json\/wp\/v2\/media\/3088"}],"wp:attachment":[{"href":"https:\/\/kusahaber.com\/index.php\/wp-json\/wp\/v2\/media?parent=3076"}],"wp:term":[{"taxonomy":"category","embeddable":true,"href":"https:\/\/kusahaber.com\/index.php\/wp-json\/wp\/v2\/categories?post=3076"},{"taxonomy":"post_tag","embeddable":true,"href":"https:\/\/kusahaber.com\/index.php\/wp-json\/wp\/v2\/tags?post=3076"}],"curies":[{"name":"wp","href":"https:\/\/api.w.org\/{rel}","templated":true}]}}