{"id":3079,"date":"2026-08-31T11:44:06","date_gmt":"2026-08-31T08:44:06","guid":{"rendered":"https:\/\/kusahaber.com\/?p=3079"},"modified":"2026-08-31T11:44:06","modified_gmt":"2026-08-31T08:44:06","slug":"ozel-haber-kusadasinda-30-agustos-toreninde-dikkat-ceken-eksiklik","status":"publish","type":"post","link":"https:\/\/kusahaber.com\/index.php\/2026\/08\/31\/ozel-haber-kusadasinda-30-agustos-toreninde-dikkat-ceken-eksiklik\/","title":{"rendered":"\u00d6ZEL HABER!! KU\u015eADASI\u2019NDA 30 A\u011eUSTOS T\u00d6REN\u0130NDE D\u0130KKAT \u00c7EKEN EKS\u0130KL\u0130K"},"content":{"rendered":"<p>Protokolde yer alan iki oda ba\u015fkan\u0131n\u0131n t\u00f6rene kat\u0131lmamas\u0131 kamuoyunda \u201cMesaj m\u0131?\u201d sorusunu g\u00fcndeme getirdi.<br class=\"html-br\" \/><br class=\"html-br\" \/>Ku\u015fadas\u0131\u2019nda 30 A\u011fustos Zafer Bayram\u0131\u2019n\u0131n 104\u2019\u00fcnc\u00fc y\u0131l d\u00f6n\u00fcm\u00fc b\u00fcy\u00fck bir co\u015fkuyla kutland\u0131. Atat\u00fcrk Meydan\u0131\u2019nda ger\u00e7ekle\u015ftirilen resmi t\u00f6rene il\u00e7e protokol\u00fc, siyasi parti ve sivil toplum kurulu\u015flar\u0131n\u0131n temsilcileri ile \u00e7ok say\u0131da vatanda\u015f kat\u0131ld\u0131.<br class=\"html-br\" \/><br class=\"html-br\" \/>Ancak t\u00f6rende iki ismin yoklu\u011fu dikkatlerden ka\u00e7mad\u0131.<br class=\"html-br\" \/><br class=\"html-br\" \/>Protokol listesinde isimleri bulunan Ku\u015fadas\u0131 Esnaf ve Sanatk\u00e2rlar Odas\u0131 Ba\u015fkan\u0131 Ahmet \u00c7al\u0131m ile Ku\u015fadas\u0131 Ticaret Odas\u0131 Ba\u015fkan\u0131 Serdar Akdo\u011fan\u2019\u0131n 30 A\u011fustos Zafer Bayram\u0131 t\u00f6reninde yer almamas\u0131 vatanda\u015flar aras\u0131nda farkl\u0131 yorumlara neden oldu.<br class=\"html-br\" \/><br class=\"html-br\" \/>BU B\u0130R TEPK\u0130 M\u0130, MESAJ MI?<br class=\"html-br\" \/><br class=\"html-br\" \/>Kent ekonomisi ve esnaf d\u00fcnyas\u0131n\u0131 temsil eden iki \u00f6nemli meslek kurulu\u015funun ba\u015fkan\u0131n\u0131n b\u00f6ylesine anlaml\u0131 bir milli bayram\u0131n resmi t\u00f6reninde bulunmamas\u0131, \u201cBu bir tepki mi, yoksa bir mesaj m\u0131?\u201d sorular\u0131n\u0131 da beraberinde getirdi.<br class=\"html-br\" \/><br class=\"html-br\" \/>Baz\u0131 vatanda\u015flar iki oda ba\u015fkan\u0131n\u0131n t\u00f6rene kat\u0131lmamas\u0131n\u0131n nedeninin kamuoyuna a\u00e7\u0131klanmas\u0131 gerekti\u011fini belirtirken, kat\u0131lmamalar\u0131n\u0131n ge\u00e7erli bir mazeretten kaynaklanm\u0131\u015f olabilece\u011fini dile getirenler de oldu.<br class=\"html-br\" \/><br class=\"html-br\" \/>MAZERETLER\u0130 VARSA A\u00c7IKLASINLAR<br class=\"html-br\" \/><br class=\"html-br\" \/>Elbette her iki oda ba\u015fkan\u0131n\u0131n da t\u00f6rene kat\u0131lamamalar\u0131na ili\u015fkin ge\u00e7erli bir mazereti olabilir. Ancak kamuoyunda olu\u015fan soru i\u015faretlerinin giderilmesi a\u00e7\u0131s\u0131ndan, e\u011fer bir mazeret s\u00f6z konusuysa bunun a\u00e7\u0131klanmas\u0131 yanl\u0131\u015f anla\u015f\u0131lmalar\u0131n da \u00f6n\u00fcne ge\u00e7ecektir.<br class=\"html-br\" \/><br class=\"html-br\" \/>30 A\u011fustos gibi milletimizin ortak de\u011feri olan bir g\u00fcnde, Ku\u015fadas\u0131\u2019n\u0131n \u00f6nemli meslek kurulu\u015flar\u0131n\u0131n ba\u015fkanlar\u0131n\u0131n t\u00f6rende neden bulunmad\u0131\u011f\u0131 merak ediliyor.<br class=\"html-br\" \/><br class=\"html-br\" \/>\u015eimdi kamuoyu Ahmet \u00c7al\u0131m ve Serdar Akdo\u011fan\u2019dan gelecek olas\u0131 a\u00e7\u0131klamay\u0131 bekliyor.<br class=\"html-br\" \/><br class=\"html-br\" \/>\u015eerif Akar\u00e7e\u015fme &#8211; KU\u015eA HABER<br class=\"html-br\" \/><br class=\"html-br\" \/>Ayd\u0131n ve Ku\u015fadas\u0131&#8217;ndan haberdar olmak i\u00e7in\u00a0<span class=\"html-span xdj266r x14z9mp xat24cr x1lziwak xexx8yu xyri2b x18d9i69 x1c1uobl x1hl2dhg x16tdsg8 x1vvkbs\"><a class=\"x1i10hfl xjbqb8w x1ejq31n x18oe1m7 x1sy0etr xstzfhl x972fbf x10w94by x1qhh985 x14e42zd x9f619 x1ypdohk xt0psk2 x3ct3a4 xdj266r x14z9mp xat24cr x1lziwak xexx8yu xyri2b x18d9i69 x1c1uobl x16tdsg8 x1hl2dhg xggy1nq x1a2a7pz xkrqix3 x1sur9pj x1fey0fg x1s688f\" tabindex=\"0\" role=\"link\" href=\"http:\/\/www.kusahaber.com\/?fbclid=IwcGRvZgFleHRuA2FlbQIxMABicmlkETFYY3lIZzlrSnM2VElzc2lJc3J0YwZhcHBfaWQQMjIyMDM5MTc4ODIwMDg5MgABHsA6KvnSjWgjCo_hU8MLq7SqlKluls0NE0AOiTLjuEYnQIAmB9JkA3-hBWX2_aem_UYIVKteynajkKiMuQqH5hw\" target=\"_blank\" rel=\"nofollow noopener noreferrer\">www.kusahaber.com<\/a><\/span>\u00a0ve\u00a0<span class=\"html-span xdj266r x14z9mp xat24cr x1lziwak xexx8yu xyri2b x18d9i69 x1c1uobl x1hl2dhg x16tdsg8 x1vvkbs\"><a class=\"x1i10hfl xjbqb8w x1ejq31n x18oe1m7 x1sy0etr xstzfhl x972fbf x10w94by x1qhh985 x14e42zd x9f619 x1ypdohk xt0psk2 x3ct3a4 xdj266r x14z9mp xat24cr x1lziwak xexx8yu xyri2b x18d9i69 x1c1uobl x16tdsg8 x1hl2dhg xggy1nq x1a2a7pz xkrqix3 x1sur9pj xzsf02u x1s688f\" tabindex=\"0\" role=\"link\" href=\"https:\/\/www.instagram.com\/_u\/kusa_haber?fbclid=IwcGRvZgFleHRuA2FlbQIxMABicmlkETFYY3lIZzlrSnM2VElzc2lJc3J0YwZhcHBfaWQQMjIyMDM5MTc4ODIwMDg5MgABHh1LSSXG3fiHL54bhc9m7LDkf0bZSsnA1Km2ef6pS9Ew-QbJsqkTdmAwN9Wt_aem_Rx6T6HYmGkk4h3XCipA0_w\" target=\"_blank\" rel=\"nofollow noopener noreferrer\">KU\u015eAHABER<\/a><\/span>\u00a0takip edin.<br class=\"html-br\" \/><br class=\"html-br\" \/><\/p>\n","protected":false},"excerpt":{"rendered":"<p>Protokolde yer alan iki oda ba\u015fkan\u0131n\u0131n t\u00f6rene kat\u0131lmamas\u0131 kamuoyunda \u201cMesaj m\u0131?\u201d sorusunu g\u00fcndeme getirdi.Ku\u015fadas\u0131\u2019nda 30 A\u011fustos Zafer Bayram\u0131\u2019n\u0131n 104\u2019\u00fcnc\u00fc y\u0131l d\u00f6n\u00fcm\u00fc b\u00fcy\u00fck bir co\u015fkuyla kutland\u0131. Atat\u00fcrk Meydan\u0131\u2019nda ger\u00e7ekle\u015ftirilen resmi t\u00f6rene&hellip;<\/p>\n","protected":false},"author":2,"featured_media":3080,"comment_status":"open","ping_status":"open","sticky":false,"template":"","format":"standard","meta":{"footnotes":""},"categories":[16],"tags":[],"class_list":["post-3079","post","type-post","status-publish","format-standard","has-post-thumbnail","hentry","category-gundem"],"_links":{"self":[{"href":"https:\/\/kusahaber.com\/index.php\/wp-json\/wp\/v2\/posts\/3079","targetHints":{"allow":["GET"]}}],"collection":[{"href":"https:\/\/kusahaber.com\/index.php\/wp-json\/wp\/v2\/posts"}],"about":[{"href":"https:\/\/kusahaber.com\/index.php\/wp-json\/wp\/v2\/types\/post"}],"author":[{"embeddable":true,"href":"https:\/\/kusahaber.com\/index.php\/wp-json\/wp\/v2\/users\/2"}],"replies":[{"embeddable":true,"href":"https:\/\/kusahaber.com\/index.php\/wp-json\/wp\/v2\/comments?post=3079"}],"version-history":[{"count":1,"href":"https:\/\/kusahaber.com\/index.php\/wp-json\/wp\/v2\/posts\/3079\/revisions"}],"predecessor-version":[{"id":3081,"href":"https:\/\/kusahaber.com\/index.php\/wp-json\/wp\/v2\/posts\/3079\/revisions\/3081"}],"wp:featuredmedia":[{"embeddable":true,"href":"https:\/\/kusahaber.com\/index.php\/wp-json\/wp\/v2\/media\/3080"}],"wp:attachment":[{"href":"https:\/\/kusahaber.com\/index.php\/wp-json\/wp\/v2\/media?parent=3079"}],"wp:term":[{"taxonomy":"category","embeddable":true,"href":"https:\/\/kusahaber.com\/index.php\/wp-json\/wp\/v2\/categories?post=3079"},{"taxonomy":"post_tag","embeddable":true,"href":"https:\/\/kusahaber.com\/index.php\/wp-json\/wp\/v2\/tags?post=3079"}],"curies":[{"name":"wp","href":"https:\/\/api.w.org\/{rel}","templated":true}]}}