{"id":3082,"date":"2026-08-31T21:24:47","date_gmt":"2026-08-31T18:24:47","guid":{"rendered":"https:\/\/kusahaber.com\/?p=3082"},"modified":"2026-08-31T21:24:47","modified_gmt":"2026-08-31T18:24:47","slug":"kusa-haber-imtiyaz-sahibi-serif-akarcesmeden-kaymakam-keklike-ziyaret","status":"publish","type":"post","link":"https:\/\/kusahaber.com\/index.php\/2026\/08\/31\/kusa-haber-imtiyaz-sahibi-serif-akarcesmeden-kaymakam-keklike-ziyaret\/","title":{"rendered":"KU\u015eA HABER \u0130MT\u0130YAZ SAH\u0130B\u0130 \u015eER\u0130F AKAR\u00c7E\u015eME\u2019DEN KAYMAKAM KEKL\u0130K\u2019E Z\u0130YARET"},"content":{"rendered":"<p>Ku\u015fa Haber \u0130mtiyaz Sahibi \u015eerif Akar\u00e7e\u015fme, Ku\u015fadas\u0131 Kaymakam\u0131 \u0130brahim Keklik\u2019i makam\u0131nda ziyaret etti.<br class=\"html-br\" \/><br class=\"html-br\" \/>Ger\u00e7ekle\u015fen ziyarette Ku\u015fadas\u0131\u2019n\u0131n g\u00fcndemi, il\u00e7ede y\u00fcr\u00fct\u00fclen \u00e7al\u0131\u015fmalar ve yerel bas\u0131n\u0131n kent ya\u015fam\u0131ndaki \u00f6nemi \u00fczerine sohbet edildi.<br class=\"html-br\" \/><br class=\"html-br\" \/>Samimi bir ortamda ger\u00e7ekle\u015fen g\u00f6r\u00fc\u015fmede Akar\u00e7e\u015fme, Kaymakam Keklik\u2019e g\u00f6revinde ba\u015far\u0131lar dileyerek, Ku\u015fa Haber olarak Ku\u015fadas\u0131\u2019n\u0131n sorunlar\u0131n\u0131 ve vatanda\u015flar\u0131n beklentilerini kamuoyuna aktarmaya devam edeceklerini ifade etti.<br class=\"html-br\" \/><br class=\"html-br\" \/>Kaymakam \u0130brahim Keklik de ziyaretten duydu\u011fu memnuniyeti dile getirerek \u015eerif Akar\u00e7e\u015fme\u2019ye te\u015fekk\u00fcr etti.<br class=\"html-br\" \/>Ziyaret, kar\u015f\u0131l\u0131kl\u0131 iyi dileklerin ard\u0131ndan sona erdi.<br class=\"html-br\" \/><br class=\"html-br\" \/>KU\u015eA HABER<br class=\"html-br\" \/><br class=\"html-br\" \/>Ayd\u0131n ve Ku\u015fadas\u0131&#8217;ndan haberdar olmak i\u00e7in\u00a0<span class=\"html-span xdj266r x14z9mp xat24cr x1lziwak xexx8yu xyri2b x18d9i69 x1c1uobl x1hl2dhg x16tdsg8 x1vvkbs\"><a class=\"x1i10hfl xjbqb8w x1ejq31n x18oe1m7 x1sy0etr xstzfhl x972fbf x10w94by x1qhh985 x14e42zd x9f619 x1ypdohk xt0psk2 x3ct3a4 xdj266r x14z9mp xat24cr x1lziwak xexx8yu xyri2b x18d9i69 x1c1uobl x16tdsg8 x1hl2dhg xggy1nq x1a2a7pz xkrqix3 x1sur9pj x1fey0fg x1s688f\" tabindex=\"0\" role=\"link\" href=\"http:\/\/www.kusahaber.com\/?fbclid=IwcGRvZgFleHRuA2FlbQIxMABicmlkETFaWDREZVJ1REMyMHFBWTBEc3J0YwZhcHBfaWQQMjIyMDM5MTc4ODIwMDg5MgABHrQ9patARkyYhS0_Icuy0Y7uJrqrDZQjUnPZQ-qhMVybDgiMt74aP457wtkb_aem_ykZ3HPc1FbIyVML7haoAag\" target=\"_blank\" rel=\"nofollow noopener noreferrer\">www.kusahaber.com<\/a><\/span>\u00a0ve\u00a0<span class=\"html-span xdj266r x14z9mp xat24cr x1lziwak xexx8yu xyri2b x18d9i69 x1c1uobl x1hl2dhg x16tdsg8 x1vvkbs\"><a class=\"x1i10hfl xjbqb8w x1ejq31n x18oe1m7 x1sy0etr xstzfhl x972fbf x10w94by x1qhh985 x14e42zd x9f619 x1ypdohk xt0psk2 x3ct3a4 xdj266r x14z9mp xat24cr x1lziwak xexx8yu xyri2b x18d9i69 x1c1uobl x16tdsg8 x1hl2dhg xggy1nq x1a2a7pz xkrqix3 x1sur9pj xzsf02u x1s688f\" tabindex=\"0\" role=\"link\" href=\"https:\/\/l.facebook.com\/l.php?u=https%3A%2F%2Fwww.instagram.com%2F_u%2Fkusa_haber%3Ffbclid%3DIwcGRvZgFleHRuA2FlbQIxMABicmlkETFaWDREZVJ1REMyMHFBWTBEc3J0YwZhcHBfaWQQMjIyMDM5MTc4ODIwMDg5MgABHl0h9vG4I0T-LLrPvD_ksN5fn430GYTxBvRfsYZw4W4oFEdUZAjDBcXFQ5e8_aem_DOKWEYdXtOoAcjqoKwFfMw&amp;h=AUCiGyZIJfasB4XTu4MZsAiHDNUp36SLYVh2TlH-nPDbfAMsIenV1N0HgJTArtFjZHtDvku7SyBJHZUI__NjhuWD1UoxomkOEW-q0gYIChWZ1FXpwELPw4mk2kbih2PdlA&amp;__tn__=-UK*F&amp;c[0]=AUAEgTHXSEYz1M2NX4r1zMoOvC230wG-oN0xPuBHMmSaw9-gbpgm64vBqB17ULkwTUT_dGTyC5twv4WxCOMRBnlBU3wZnpvNeHzVNKRdmBND5oEdINzBMierTutXHQQzG5KIMO2OeClQnDrpNc-MYqWEtpyy5h1RYRDAcCWSVHMrUScQnfSubO6xDT1a13G2MFgIXqUGmalqOfTOOb8PfXlm_Q\" target=\"_blank\" rel=\"nofollow noopener noreferrer\">KU\u015eAHABER<\/a><\/span>\u00a0takip edin.<br class=\"html-br\" \/><\/p>\n","protected":false},"excerpt":{"rendered":"<p>Ku\u015fa Haber \u0130mtiyaz Sahibi \u015eerif Akar\u00e7e\u015fme, Ku\u015fadas\u0131 Kaymakam\u0131 \u0130brahim Keklik\u2019i makam\u0131nda ziyaret etti.Ger\u00e7ekle\u015fen ziyarette Ku\u015fadas\u0131\u2019n\u0131n g\u00fcndemi, il\u00e7ede y\u00fcr\u00fct\u00fclen \u00e7al\u0131\u015fmalar ve yerel bas\u0131n\u0131n kent ya\u015fam\u0131ndaki \u00f6nemi \u00fczerine sohbet edildi.Samimi bir ortamda&hellip;<\/p>\n","protected":false},"author":2,"featured_media":3083,"comment_status":"open","ping_status":"open","sticky":false,"template":"","format":"standard","meta":{"footnotes":""},"categories":[16],"tags":[1393],"class_list":["post-3082","post","type-post","status-publish","format-standard","has-post-thumbnail","hentry","category-gundem","tag-kusahaber-serifakarcesme-ibrahimkeklik-kusadasi-kusadasikaymakamligi-yerelbasin-aydin-camoluksonhaber"],"_links":{"self":[{"href":"https:\/\/kusahaber.com\/index.php\/wp-json\/wp\/v2\/posts\/3082","targetHints":{"allow":["GET"]}}],"collection":[{"href":"https:\/\/kusahaber.com\/index.php\/wp-json\/wp\/v2\/posts"}],"about":[{"href":"https:\/\/kusahaber.com\/index.php\/wp-json\/wp\/v2\/types\/post"}],"author":[{"embeddable":true,"href":"https:\/\/kusahaber.com\/index.php\/wp-json\/wp\/v2\/users\/2"}],"replies":[{"embeddable":true,"href":"https:\/\/kusahaber.com\/index.php\/wp-json\/wp\/v2\/comments?post=3082"}],"version-history":[{"count":1,"href":"https:\/\/kusahaber.com\/index.php\/wp-json\/wp\/v2\/posts\/3082\/revisions"}],"predecessor-version":[{"id":3084,"href":"https:\/\/kusahaber.com\/index.php\/wp-json\/wp\/v2\/posts\/3082\/revisions\/3084"}],"wp:featuredmedia":[{"embeddable":true,"href":"https:\/\/kusahaber.com\/index.php\/wp-json\/wp\/v2\/media\/3083"}],"wp:attachment":[{"href":"https:\/\/kusahaber.com\/index.php\/wp-json\/wp\/v2\/media?parent=3082"}],"wp:term":[{"taxonomy":"category","embeddable":true,"href":"https:\/\/kusahaber.com\/index.php\/wp-json\/wp\/v2\/categories?post=3082"},{"taxonomy":"post_tag","embeddable":true,"href":"https:\/\/kusahaber.com\/index.php\/wp-json\/wp\/v2\/tags?post=3082"}],"curies":[{"name":"wp","href":"https:\/\/api.w.org\/{rel}","templated":true}]}}