{"id":3085,"date":"2026-08-31T21:28:26","date_gmt":"2026-08-31T18:28:26","guid":{"rendered":"https:\/\/kusahaber.com\/?p=3085"},"modified":"2026-08-31T21:28:26","modified_gmt":"2026-08-31T18:28:26","slug":"yesilay-muaythai-cocuklar-turkiye-sampiyonasinda-kusadali-sporcular-firtinasi","status":"publish","type":"post","link":"https:\/\/kusahaber.com\/index.php\/2026\/08\/31\/yesilay-muaythai-cocuklar-turkiye-sampiyonasinda-kusadali-sporcular-firtinasi\/","title":{"rendered":"YE\u015e\u0130LAY MUAYTHAI \u00c7OCUKLAR T\u00dcRK\u0130YE \u015eAMP\u0130YONASI\u2019NDA KU\u015eADALI SPORCULAR FIRTINASI"},"content":{"rendered":"<p>\u0130stanbul\u2019da d\u00fczenlenen Ye\u015filay Muaythai \u00c7ocuklar T\u00fcrkiye \u015eampiyonas\u0131\u2019nda Ku\u015fadas\u0131\u2019n\u0131 temsil eden sporcular \u00f6nemli ba\u015far\u0131lara imza att\u0131. Ku\u015fadal\u0131 sporcu Y\u0131lmaz Kaynak, d\u00f6rt ma\u00e7l\u0131k ba\u015far\u0131l\u0131 performans\u0131n\u0131n ard\u0131ndan T\u00fcrkiye ikincisi olarak g\u00fcm\u00fc\u015f madalyay\u0131 Ku\u015fadas\u0131 ve Ayd\u0131n\u2019a getirdi.<br class=\"html-br\" \/><br class=\"html-br\" \/>25-29 A\u011fustos 2026 tarihleri aras\u0131nda \u0130stanbul Ba\u015fak\u015fehir Spor Salonu\u2019nda ger\u00e7ekle\u015ftirilen Ye\u015filay Muaythai \u00c7ocuklar T\u00fcrkiye \u015eampiyonas\u0131\u2019na Ayd\u0131n ili ad\u0131na Ku\u015fadas\u0131 Belediye Spor sporcular\u0131 da kat\u0131ld\u0131.<br class=\"html-br\" \/><br class=\"html-br\" \/>Milli Tak\u0131m Antren\u00f6r\u00fc Bayram Keskink\u0131l\u0131\u00e7 ve yard\u0131mc\u0131 antren\u00f6r Hande Palamut\u00e7u e\u015fli\u011finde \u015fampiyonada m\u00fccadele eden Ku\u015fadal\u0131 sporcular, elde ettikleri derecelerle dikkat \u00e7ekti.<br class=\"html-br\" \/><br class=\"html-br\" \/>5 SPORCU \u00c7EYREK F\u0130NALE KADAR Y\u00dcKSELD\u0130<br class=\"html-br\" \/>\u015eampiyonada Simay G\u00fcnal, \u00c7\u0131nar Mete Do\u011fan, Yusuf Yekin, Elifnur Bumin ve Ecrin Atmaca, \u00f6n eleme m\u00fcsabakalar\u0131n\u0131 ge\u00e7erek iki\u015fer ve \u00fc\u00e7er galibiyet ald\u0131. Ku\u015fadal\u0131 sporcular g\u00f6sterdikleri ba\u015far\u0131l\u0131 performansla \u00e7eyrek finale kadar y\u00fckselmeyi ba\u015fard\u0131.<br class=\"html-br\" \/><br class=\"html-br\" \/>YILMAZ KAYNAK T\u00dcRK\u0130YE \u0130K\u0130NC\u0130S\u0130 OLDU<br class=\"html-br\" \/>Ku\u015fadas\u0131 ad\u0131na \u015fampiyonan\u0131n en \u00f6nemli derecelerinden birini ise Y\u0131lmaz Kaynak elde etti.<br class=\"html-br\" \/><br class=\"html-br\" \/>Rakipleri kar\u015f\u0131s\u0131nda d\u00f6rt ma\u00e7 kazanan ve nakavtl\u0131 galibiyete de imza atan Kaynak, T\u00fcrkiye ikincisi olarak g\u00fcm\u00fc\u015f madalyan\u0131n sahibi oldu. Gen\u00e7 sporcunun ba\u015far\u0131s\u0131, Ku\u015fadas\u0131 ve Ayd\u0131n spor camias\u0131na b\u00fcy\u00fck gurur ya\u015fatt\u0131.<br class=\"html-br\" \/><br class=\"html-br\" \/>\u0130K\u0130Z KARDE\u015eLER ADA VE EDA\u2019DAN \u0130ST\u0130KRARLI BA\u015eARI<br class=\"html-br\" \/>Muaythai bran\u015f\u0131nda Ada Y\u0131ld\u0131r\u0131m ve Eda Y\u0131ld\u0131r\u0131m karde\u015fler de yakla\u015f\u0131k 5 y\u0131ld\u0131r T\u00fcrkiye \u015fampiyonalar\u0131nda elde ettikleri ba\u015far\u0131larla dikkat \u00e7ekiyor.<br class=\"html-br\" \/><br class=\"html-br\" \/>Ada Y\u0131ld\u0131r\u0131m\u2019\u0131n \u00f6n\u00fcnde ise \u015fimdi uluslararas\u0131 bir hedef bulunuyor. Gen\u00e7 sporcu, kas\u0131m ay\u0131nda Yunanistan\u2019da ger\u00e7ekle\u015ftirilecek D\u00fcnya \u015eampiyonas\u0131\u2019nda Milli Tak\u0131m ad\u0131na T\u00fcrkiye\u2019yi temsil etmeye haz\u0131rlan\u0131yor.<br class=\"html-br\" \/><br class=\"html-br\" \/>Antren\u00f6r Bayram Keskink\u0131l\u0131\u00e7, sporcular\u0131n ba\u015far\u0131lar\u0131n\u0131n tesad\u00fcf olmad\u0131\u011f\u0131n\u0131 belirterek uzun y\u0131llard\u0131r b\u00fcy\u00fck bir \u00f6zveriyle \u00e7al\u0131\u015ft\u0131klar\u0131n\u0131 ifade etti.<br class=\"html-br\" \/><br class=\"html-br\" \/>\u201cZOR KO\u015eULLARDA SPOR YAPIYORUZ\u201d<br class=\"html-br\" \/>Keskink\u0131l\u0131\u00e7, sporcular\u0131n \u00f6nemli ba\u015far\u0131lar elde etmelerine ra\u011fmen \u00e7al\u0131\u015fmalar\u0131n\u0131 k\u0131s\u0131tl\u0131 imk\u00e2nlarla s\u00fcrd\u00fcrd\u00fcklerine dikkat \u00e7ekti.<br class=\"html-br\" \/><br class=\"html-br\" \/>Stadyumun depreme dayan\u0131ks\u0131z oldu\u011fu gerek\u00e7esiyle kapat\u0131lmas\u0131n\u0131n ard\u0131ndan antrenman alan\u0131 konusunda s\u0131k\u0131nt\u0131 ya\u015fad\u0131klar\u0131n\u0131 belirten Keskink\u0131l\u0131\u00e7, Belediye Meclis \u00dcyesi Mehmet Sar\u0131dedeo\u011flu\u2019nun giri\u015fimleriyle U\u011fur \u0130nan Kapal\u0131 Spor Salonu\u2019nun haftada \u00fc\u00e7 g\u00fcn kendilerine tahsis edildi\u011fini ifade ederek te\u015fekk\u00fcr etti.<br class=\"html-br\" \/>Stadyumun yan\u0131na yak\u0131n zamanda \u00e7ad\u0131r \u015feklinde yeni bir \u00e7al\u0131\u015fma alan\u0131 yap\u0131lmas\u0131n\u0131n planland\u0131\u011f\u0131n\u0131 da belirten Keskink\u0131l\u0131\u00e7, bu alan\u0131n hayata ge\u00e7irilmesinin sporcular a\u00e7\u0131s\u0131ndan b\u00fcy\u00fck \u00f6nem ta\u015f\u0131d\u0131\u011f\u0131n\u0131 s\u00f6yledi.<br class=\"html-br\" \/><br class=\"html-br\" \/>Muaythai \u00e7al\u0131\u015fmalar\u0131nda ring, kum torbas\u0131 ve di\u011fer ekipmanlar\u0131n vazge\u00e7ilmez oldu\u011funa dikkat \u00e7eken Keskink\u0131l\u0131\u00e7, daha uygun bir \u00e7al\u0131\u015fma ortam\u0131n\u0131n sporcular\u0131n performans\u0131n\u0131 da art\u0131raca\u011f\u0131n\u0131 dile getirdi.<br class=\"html-br\" \/><br class=\"html-br\" \/>SPORLA B\u0130RL\u0130KTE TAR\u0130H B\u0130L\u0130NC\u0130<br class=\"html-br\" \/>T\u00fcrkiye Muaythai Federasyonu taraf\u0131ndan yakla\u015f\u0131k 6 y\u0131ld\u0131r s\u00fcrd\u00fcr\u00fclen tarihi ve k\u00fclt\u00fcrel proje kapsam\u0131nda sporcular yaln\u0131zca m\u00fcsabakalara haz\u0131rlanm\u0131yor, ayn\u0131 zamanda T\u00fcrkiye\u2019nin tarihi de\u011ferlerini de yak\u0131ndan tan\u0131yor.<br class=\"html-br\" \/><br class=\"html-br\" \/>\u00c7anakkale, Polatl\u0131, K\u00fctahya-Dumlup\u0131nar, Malazgirt, Sar\u0131kam\u0131\u015f ve \u0130stanbul gibi tarihi \u00f6neme sahip b\u00f6lgelerde d\u00fczenlenen organizasyonlarda \u00e7ocuklara milli m\u00fccadele ve tarih bilinci aktar\u0131l\u0131yor.<br class=\"html-br\" \/><br class=\"html-br\" \/>\u0130stanbul\u2019daki organizasyonda da sporculara bir g\u00fcnl\u00fck m\u00fcsabaka aras\u0131 verilerek Ayasofya, Sultanahmet ve Topkap\u0131 gibi tarihi noktalar gezdirildi.<br class=\"html-br\" \/>Projenin teknik kurulunda g\u00f6rev alan Bayram Keskink\u0131l\u0131\u00e7 da m\u00fcsabakalarda Osmanl\u0131, Sel\u00e7uklu, \u00c7anakkale, Kuvay\u0131 Milliye ve efe k\u0131yafetlerini g\u00f6n\u00fcll\u00fc olarak ta\u015f\u0131yarak tarihi de\u011ferlerin gen\u00e7 nesillere aktar\u0131lmas\u0131na katk\u0131 sa\u011fl\u0131yor.<br class=\"html-br\" \/><br class=\"html-br\" \/>FEDERASYONA TE\u015eEKK\u00dcR<br class=\"html-br\" \/>Ku\u015fadas\u0131 ekibi, \u00e7ocuklar\u0131n sporla birlikte tarihlerini \u00f6\u011frenmelerine katk\u0131 sa\u011flayan projeler nedeniyle T\u00fcrkiye Muaythai Federasyonu Ba\u015fkan\u0131 Hasan Y\u0131ld\u0131z ile Ba\u015fkan Vekili ve proje sorumlusu Korkmaz Atalay\u2019a te\u015fekk\u00fcr etti.<br class=\"html-br\" \/><br class=\"html-br\" \/>Ku\u015fadas\u0131 ve Ayd\u0131n\u2019a bir kez daha madalya kazand\u0131rman\u0131n gururunu ya\u015fayan sporcular ve teknik ekip, destek veren T\u00fcrkiye Muaythai Federasyonu, Ayd\u0131n Gen\u00e7lik ve Spor \u0130l M\u00fcd\u00fcrl\u00fc\u011f\u00fc ile eme\u011fi ge\u00e7en herkese te\u015fekk\u00fcrlerini iletti.<br class=\"html-br\" \/>K\u0131s\u0131tl\u0131 imk\u00e2nlara ra\u011fmen \u00e7al\u0131\u015fmalar\u0131n\u0131 s\u00fcrd\u00fcren Ku\u015fadal\u0131 gen\u00e7 sporcular\u0131n hedefi ise yeni T\u00fcrkiye dereceleri ve milli formayla uluslararas\u0131 ba\u015far\u0131lar elde etmek.<br class=\"html-br\" \/><br class=\"html-br\" \/>\u015eerif Akar\u00e7e\u015fme &#8211; KU\u015eA HABER<br class=\"html-br\" \/><br class=\"html-br\" \/>Ayd\u0131n ve Ku\u015fadas\u0131&#8217;ndan haberdar olmak i\u00e7in\u00a0<span class=\"html-span xdj266r x14z9mp xat24cr x1lziwak xexx8yu xyri2b x18d9i69 x1c1uobl x1hl2dhg x16tdsg8 x1vvkbs\"><a class=\"x1i10hfl xjbqb8w x1ejq31n x18oe1m7 x1sy0etr xstzfhl x972fbf x10w94by x1qhh985 x14e42zd x9f619 x1ypdohk xt0psk2 x3ct3a4 xdj266r x14z9mp xat24cr x1lziwak xexx8yu xyri2b x18d9i69 x1c1uobl x16tdsg8 x1hl2dhg xggy1nq x1a2a7pz xkrqix3 x1sur9pj x1fey0fg x1s688f\" tabindex=\"0\" role=\"link\" href=\"http:\/\/www.kusahaber.com\/?fbclid=IwcGRvZgFleHRuA2FlbQIxMABicmlkETFaWDREZVJ1REMyMHFBWTBEc3J0YwZhcHBfaWQQMjIyMDM5MTc4ODIwMDg5MgABHrQ9patARkyYhS0_Icuy0Y7uJrqrDZQjUnPZQ-qhMVybDgiMt74aP457wtkb_aem_ykZ3HPc1FbIyVML7haoAag\" target=\"_blank\" rel=\"nofollow noopener noreferrer\">www.kusahaber.com<\/a><\/span>\u00a0ve @kusa_haber takip edin.<br class=\"html-br\" \/><span class=\"html-span xdj266r x14z9mp xat24cr x1lziwak xexx8yu xyri2b x18d9i69 x1c1uobl x1hl2dhg x16tdsg8 x1vvkbs\"><br \/>\n<\/span><\/p>\n","protected":false},"excerpt":{"rendered":"<p>\u0130stanbul\u2019da d\u00fczenlenen Ye\u015filay Muaythai \u00c7ocuklar T\u00fcrkiye \u015eampiyonas\u0131\u2019nda Ku\u015fadas\u0131\u2019n\u0131 temsil eden sporcular \u00f6nemli ba\u015far\u0131lara imza att\u0131. Ku\u015fadal\u0131 sporcu Y\u0131lmaz Kaynak, d\u00f6rt ma\u00e7l\u0131k ba\u015far\u0131l\u0131 performans\u0131n\u0131n ard\u0131ndan T\u00fcrkiye ikincisi olarak g\u00fcm\u00fc\u015f madalyay\u0131 Ku\u015fadas\u0131&hellip;<\/p>\n","protected":false},"author":2,"featured_media":3086,"comment_status":"open","ping_status":"open","sticky":false,"template":"","format":"standard","meta":{"footnotes":""},"categories":[17],"tags":[],"class_list":["post-3085","post","type-post","status-publish","format-standard","has-post-thumbnail","hentry","category-spor"],"_links":{"self":[{"href":"https:\/\/kusahaber.com\/index.php\/wp-json\/wp\/v2\/posts\/3085","targetHints":{"allow":["GET"]}}],"collection":[{"href":"https:\/\/kusahaber.com\/index.php\/wp-json\/wp\/v2\/posts"}],"about":[{"href":"https:\/\/kusahaber.com\/index.php\/wp-json\/wp\/v2\/types\/post"}],"author":[{"embeddable":true,"href":"https:\/\/kusahaber.com\/index.php\/wp-json\/wp\/v2\/users\/2"}],"replies":[{"embeddable":true,"href":"https:\/\/kusahaber.com\/index.php\/wp-json\/wp\/v2\/comments?post=3085"}],"version-history":[{"count":1,"href":"https:\/\/kusahaber.com\/index.php\/wp-json\/wp\/v2\/posts\/3085\/revisions"}],"predecessor-version":[{"id":3087,"href":"https:\/\/kusahaber.com\/index.php\/wp-json\/wp\/v2\/posts\/3085\/revisions\/3087"}],"wp:featuredmedia":[{"embeddable":true,"href":"https:\/\/kusahaber.com\/index.php\/wp-json\/wp\/v2\/media\/3086"}],"wp:attachment":[{"href":"https:\/\/kusahaber.com\/index.php\/wp-json\/wp\/v2\/media?parent=3085"}],"wp:term":[{"taxonomy":"category","embeddable":true,"href":"https:\/\/kusahaber.com\/index.php\/wp-json\/wp\/v2\/categories?post=3085"},{"taxonomy":"post_tag","embeddable":true,"href":"https:\/\/kusahaber.com\/index.php\/wp-json\/wp\/v2\/tags?post=3085"}],"curies":[{"name":"wp","href":"https:\/\/api.w.org\/{rel}","templated":true}]}}