{"id":1390,"count":1,"description":"","link":"https:\/\/kusahaber.com\/index.php\/tag\/aydin-ibrahimyumakli-bakanyumakli-incir-incirhasadi-aydininciri-tarim-uretici-tarimveormanbakanligi-kusahaber\/","name":"#Ayd\u0131n\u00a0#\u0130brahimYumakl\u0131\u00a0#BakanYumakl\u0131\u00a0#\u0130ncir\u00a0#\u0130ncirHasad\u0131\u00a0#Ayd\u0131n\u0130nciri\u00a0#Tar\u0131m\u00a0#\u00dcretici\u00a0#Tar\u0131mVeOrmanBakanl\u0131\u011f\u0131\u00a0#Ku\u015faHaber","slug":"aydin-ibrahimyumakli-bakanyumakli-incir-incirhasadi-aydininciri-tarim-uretici-tarimveormanbakanligi-kusahaber","taxonomy":"post_tag","meta":[],"_links":{"self":[{"href":"https:\/\/kusahaber.com\/index.php\/wp-json\/wp\/v2\/tags\/1390","targetHints":{"allow":["GET"]}}],"collection":[{"href":"https:\/\/kusahaber.com\/index.php\/wp-json\/wp\/v2\/tags"}],"about":[{"href":"https:\/\/kusahaber.com\/index.php\/wp-json\/wp\/v2\/taxonomies\/post_tag"}],"wp:post_type":[{"href":"https:\/\/kusahaber.com\/index.php\/wp-json\/wp\/v2\/posts?tags=1390"}],"curies":[{"name":"wp","href":"https:\/\/api.w.org\/{rel}","templated":true}]}}