{"id":1392,"count":1,"description":"","link":"https:\/\/kusahaber.com\/index.php\/tag\/30agustos-zaferbayrami-turkbayragi-kusadasi-kusahaber-millibayram-30agustoszaferbayrami-dundenbugunenedegisti\/","name":"#30A\u011fustos\u00a0#ZaferBayram\u0131\u00a0#T\u00fcrkBayra\u011f\u0131\u00a0#Ku\u015fadas\u0131\u00a0#Ku\u015faHaber\u00a0#MilliBayram\u00a0#30A\u011fustosZaferBayram\u0131\u00a0#D\u00fcndenBug\u00fcneNeDe\u011fi\u015fti","slug":"30agustos-zaferbayrami-turkbayragi-kusadasi-kusahaber-millibayram-30agustoszaferbayrami-dundenbugunenedegisti","taxonomy":"post_tag","meta":[],"_links":{"self":[{"href":"https:\/\/kusahaber.com\/index.php\/wp-json\/wp\/v2\/tags\/1392","targetHints":{"allow":["GET"]}}],"collection":[{"href":"https:\/\/kusahaber.com\/index.php\/wp-json\/wp\/v2\/tags"}],"about":[{"href":"https:\/\/kusahaber.com\/index.php\/wp-json\/wp\/v2\/taxonomies\/post_tag"}],"wp:post_type":[{"href":"https:\/\/kusahaber.com\/index.php\/wp-json\/wp\/v2\/posts?tags=1392"}],"curies":[{"name":"wp","href":"https:\/\/api.w.org\/{rel}","templated":true}]}}