{"id":1393,"count":1,"description":"","link":"https:\/\/kusahaber.com\/index.php\/tag\/kusahaber-serifakarcesme-ibrahimkeklik-kusadasi-kusadasikaymakamligi-yerelbasin-aydin-camoluksonhaber\/","name":"#Ku\u015faHaber\u00a0#\u015eerifAkar\u00e7e\u015fme\u00a0#\u0130brahimKeklik\u00a0#Ku\u015fadas\u0131\u00a0#Ku\u015fadas\u0131Kaymakaml\u0131\u011f\u0131\u00a0YerelBas\u0131n Ayd\u0131n \u00c7amolukSonHaber","slug":"kusahaber-serifakarcesme-ibrahimkeklik-kusadasi-kusadasikaymakamligi-yerelbasin-aydin-camoluksonhaber","taxonomy":"post_tag","meta":[],"_links":{"self":[{"href":"https:\/\/kusahaber.com\/index.php\/wp-json\/wp\/v2\/tags\/1393","targetHints":{"allow":["GET"]}}],"collection":[{"href":"https:\/\/kusahaber.com\/index.php\/wp-json\/wp\/v2\/tags"}],"about":[{"href":"https:\/\/kusahaber.com\/index.php\/wp-json\/wp\/v2\/taxonomies\/post_tag"}],"wp:post_type":[{"href":"https:\/\/kusahaber.com\/index.php\/wp-json\/wp\/v2\/posts?tags=1393"}],"curies":[{"name":"wp","href":"https:\/\/api.w.org\/{rel}","templated":true}]}}